[{"@context":"https:\/\/schema.org\/","@type":"Article","@id":"https:\/\/www.keli.cz\/kdy-do-duchodu\/#Article","mainEntityOfPage":"https:\/\/www.keli.cz\/kdy-do-duchodu\/","headline":"Kdy do d\u016fchodu","name":"Kdy do d\u016fchodu","description":"Nechte si odborn\u011b spo\u010d\u00edtat, kdy do d\u016fchodu se v\u00e1m vyplat\u00ed odej\u00edt. Divili byste se, jak d\u016fle\u017eit\u00fd datum je a z\u00e1le\u017e\u00ed tak\u00e9 na va\u0161\u00ed \u017eivotn\u00ed situaci, kter\u00e1 v\u00fd\u0161i d\u016fchodu z\u00e1sadn\u011b ovliv\u0148uje. Z\u00edskejte p\u0159\u00edm\u00e9 odpov\u011bdi a konkr\u00e9tn\u00ed \u00fadaje s ohledem ne v\u00e1\u0161 konkr\u00e9tn\u00ed p\u0159\u00edpad. P\u0159ed\u010dasn\u00fd odchod do d\u016fchodu Jsme odborn\u00edci na d\u016fchodovou problematiku a r\u00e1di v\u00e1m spo\u010d\u00edt\u00e1me, [&hellip;]","datePublished":"2024-11-08","dateModified":"2024-11-08","author":{"@type":"Person","@id":"https:\/\/www.keli.cz\/author\/#Person","name":"","url":"https:\/\/www.keli.cz\/author\/","identifier":1,"image":{"@type":"ImageObject","@id":"https:\/\/secure.gravatar.com\/avatar\/9cac53ffad5d6e0659d72eaf216400c165f8fbf396c79017c66698a8aa5be23d?s=96&d=mm&r=g","url":"https:\/\/secure.gravatar.com\/avatar\/9cac53ffad5d6e0659d72eaf216400c165f8fbf396c79017c66698a8aa5be23d?s=96&d=mm&r=g","height":96,"width":96}},"publisher":{"@type":"Organization","name":"keli.cz","logo":{"@type":"ImageObject","@id":"\/logo.png","url":"\/logo.png","width":600,"height":60}},"url":"https:\/\/www.keli.cz\/kdy-do-duchodu\/","wordCount":217,"articleBody":"\tNechte si odborn\u011b spo\u010d\u00edtat, kdy do d\u016fchodu se v\u00e1m vyplat\u00ed odej\u00edt. Divili byste se, jak d\u016fle\u017eit\u00fd datum je a z\u00e1le\u017e\u00ed tak\u00e9 na va\u0161\u00ed \u017eivotn\u00ed situaci, kter\u00e1 v\u00fd\u0161i d\u016fchodu z\u00e1sadn\u011b ovliv\u0148uje. Z\u00edskejte p\u0159\u00edm\u00e9 odpov\u011bdi a konkr\u00e9tn\u00ed \u00fadaje s ohledem ne v\u00e1\u0161 konkr\u00e9tn\u00ed p\u0159\u00edpad.\tP\u0159ed\u010dasn\u00fd odchod do d\u016fchodu\tJsme odborn\u00edci na d\u016fchodovou problematiku a r\u00e1di v\u00e1m spo\u010d\u00edt\u00e1me, kdy do d\u016fchodu byste m\u011bli odej\u00edt. Z\u00e1v\u011bre\u010dn\u00e1 zpr\u00e1va obsahuje mnoho d\u016fle\u017eit\u00fdch dat a \u00fadaj\u016f, kter\u00e9 jsou pro v\u00e1s rozhoduj\u00edc\u00ed. V\u017edy se zab\u00fdv\u00e1me konkr\u00e9tn\u00edm p\u0159\u00edpadem, tak\u017ee v\u00fdpo\u010det bude \u0161it\u00fd na m\u00edru pr\u00e1v\u011b v\u00e1m.\tOt\u00e1zky\tM\u00e1te-li dotazy, kter\u00e9 se vztahuj\u00ed k tomu, p\u0159ed\u010dasn\u00fd odchod do d\u016fchodu nebo jsou spojeny obecn\u011b s problematikou d\u016fchod\u016f, nav\u0161tivte na\u0161e str\u00e1nky, kde si m\u016f\u017eete proj\u00edt poradnu a konkr\u00e9tn\u00ed odpov\u011bdi, pro\u010d\u00edst si vzorov\u00e9 zpr\u00e1vy a mnoho dal\u0161\u00edho. Nicm\u00e9n\u011b m\u00e1te mo\u017enost se na n\u00e1s obr\u00e1tit na p\u0159\u00edmo na uveden\u00fdch kontaktech, r\u00e1di v\u00e1m pom\u016f\u017eeme.                                                                                                                                                                                                                                                                                                                                                                                        4\/5 - (1 vote)        "},{"@context":"https:\/\/schema.org\/","@type":"BreadcrumbList","itemListElement":[{"@type":"ListItem","position":1,"name":"Kdy do d\u016fchodu","item":"https:\/\/www.keli.cz\/kdy-do-duchodu\/#breadcrumbitem"}]}]